{"id":833,"date":"2015-07-06T23:06:43","date_gmt":"2015-07-06T23:06:43","guid":{"rendered":"http:\/\/www.joanantoncatala.com\/ca\/?p=833"},"modified":"2017-03-04T19:12:01","modified_gmt":"2017-03-04T19:12:01","slug":"a-la-contra-de-la-vanguardia","status":"publish","type":"post","link":"https:\/\/www.joanantoncatala.com\/ca\/2015\/07\/06\/a-la-contra-de-la-vanguardia\/","title":{"rendered":"A La Contra de La Vanguardia"},"content":{"rendered":"<p>Per a un divulgador, aquesta \u00e9s una de les fites m\u00e9s importants que hi pot haver. Una entrevista a La Contra de La Vanguardia, amb el gran V\u00edctor Amela.<\/p>\n<p>Soc molt conscient que aix\u00f2 ha estat possible gr\u00e0cies a tots els que em feu costat i confian\u00e7a. A tots els que em seguiu i m&#8217;animeu a tirar endavant.<\/p>\n<p>Aix\u00ed que ho comparteixo amb tots, amb molta il\u00b7lusi\u00f3 i emoci\u00f3.<\/p>\n<p>Aqu\u00ed la teniu:\u00a0<a href=\"http:\/\/www.lavanguardia.com\/lacontra\/20170304\/42527684191\/la-teva-sang-es-la-memoria-dun-cataclisme-sideral.html\" target=\"_blank\">La Contra &#8211; Joan Anton Catal\u00e0<\/a><\/p>\n<p>Moltes gr\u00e0cies!<\/p>\n<p>&nbsp;<\/p>\n","protected":false},"excerpt":{"rendered":"<p>Per a un divulgador, aquesta \u00e9s una de les fites m\u00e9s importants que hi pot haver. Una entrevista a La Contra de La Vanguardia, amb el gran V\u00edctor Amela. Soc molt conscient que aix\u00f2 ha estat possible gr\u00e0cies a tots els que em feu costat i confian\u00e7a. A tots els que em seguiu i m&#8217;animeu [&hellip;]<\/p>\n","protected":false},"author":4,"featured_media":834,"comment_status":"open","ping_status":"open","sticky":false,"template":"","format":"standard","meta":{"footnotes":""},"categories":[7],"tags":[],"_links":{"self":[{"href":"https:\/\/www.joanantoncatala.com\/ca\/wp-json\/wp\/v2\/posts\/833"}],"collection":[{"href":"https:\/\/www.joanantoncatala.com\/ca\/wp-json\/wp\/v2\/posts"}],"about":[{"href":"https:\/\/www.joanantoncatala.com\/ca\/wp-json\/wp\/v2\/types\/post"}],"author":[{"embeddable":true,"href":"https:\/\/www.joanantoncatala.com\/ca\/wp-json\/wp\/v2\/users\/4"}],"replies":[{"embeddable":true,"href":"https:\/\/www.joanantoncatala.com\/ca\/wp-json\/wp\/v2\/comments?post=833"}],"version-history":[{"count":4,"href":"https:\/\/www.joanantoncatala.com\/ca\/wp-json\/wp\/v2\/posts\/833\/revisions"}],"predecessor-version":[{"id":838,"href":"https:\/\/www.joanantoncatala.com\/ca\/wp-json\/wp\/v2\/posts\/833\/revisions\/838"}],"wp:featuredmedia":[{"embeddable":true,"href":"https:\/\/www.joanantoncatala.com\/ca\/wp-json\/wp\/v2\/media\/834"}],"wp:attachment":[{"href":"https:\/\/www.joanantoncatala.com\/ca\/wp-json\/wp\/v2\/media?parent=833"}],"wp:term":[{"taxonomy":"category","embeddable":true,"href":"https:\/\/www.joanantoncatala.com\/ca\/wp-json\/wp\/v2\/categories?post=833"},{"taxonomy":"post_tag","embeddable":true,"href":"https:\/\/www.joanantoncatala.com\/ca\/wp-json\/wp\/v2\/tags?post=833"}],"curies":[{"name":"wp","href":"https:\/\/api.w.org\/{rel}","templated":true}]}}