{"id":827,"date":"2015-09-07T21:03:21","date_gmt":"2015-09-07T21:03:21","guid":{"rendered":"http:\/\/www.joanantoncatala.com\/ca\/?p=827"},"modified":"2019-03-10T18:04:11","modified_gmt":"2019-03-10T18:04:11","slug":"projecte-galileu-una-novel%c2%b7la-juvenil-amb-contingut-cientific","status":"publish","type":"post","link":"https:\/\/www.joanantoncatala.com\/ca\/2015\/09\/07\/projecte-galileu-una-novel%c2%b7la-juvenil-amb-contingut-cientific\/","title":{"rendered":"&#8220;Projecte Galileu&#8221;: una novel\u00b7la juvenil, amb contingut cient\u00edfic."},"content":{"rendered":"<p>Aquest \u00e9s un projecte personal motivador. La idea em va voltar pel cap ara fa m\u00e9s o menys un any, i ara ja \u00e9s una realitat gr\u00e0cies a la confian\u00e7a de l&#8217;Editoral Casals mitjan\u00e7ant el seu segell Bamb\u00fa.<\/p>\n<p>Per qu\u00e8 no combinar astronomia amb una hist\u00f2ria de misteri i intriga? Vaig pensar que era una bona forma de proporcionar p\u00edndoles formatives en ci\u00e8ncia d&#8217;una manera atractiva.<\/p>\n<p>Es pot comprar a qualsevol llibreria. En catal\u00e0 o en castell\u00e0.<\/p>\n<p>Agraeixo tamb\u00e9 les il\u00b7lustracions d&#8217;en Luis Bustos.<\/p>\n<p>I <a href=\"https:\/\/edu.bambulector.cat\/index.php?ps=34f359d540235dbd5a402e214139b95cd959afa54afb03a8234324ae2fc550404443d46469a9bd78bf\" target=\"_blank\">aqu\u00ed<\/a> us podeu baixar la guia de lectura del llibre.<\/p>\n<p><a href=\"http:\/\/www.joanantoncatala.com\/ca\/wp-content\/uploads\/2017\/02\/Projecte-Galileu-cat\u00e0leg-Bamb\u00fa.jpg\" rel=\"attachment wp-att-828\"><img loading=\"lazy\" decoding=\"async\" class=\"alignleft size-full wp-image-828\" src=\"http:\/\/www.joanantoncatala.com\/ca\/wp-content\/uploads\/2017\/02\/Projecte-Galileu-cat\u00e0leg-Bamb\u00fa.jpg\" alt=\"Projecte Galileu cat\u00e0leg Bamb\u00fa\" width=\"974\" height=\"729\" \/><\/a><\/p>\n","protected":false},"excerpt":{"rendered":"<p>Aquest \u00e9s un projecte personal motivador. La idea em va voltar pel cap ara fa m\u00e9s o menys un any, i ara ja \u00e9s una realitat gr\u00e0cies a la confian\u00e7a de l&#8217;Editoral Casals mitjan\u00e7ant el seu segell Bamb\u00fa. Per qu\u00e8 no combinar astronomia amb una hist\u00f2ria de misteri i intriga? Vaig pensar que era una [&hellip;]<\/p>\n","protected":false},"author":4,"featured_media":829,"comment_status":"open","ping_status":"open","sticky":false,"template":"","format":"standard","meta":{"footnotes":""},"categories":[7],"tags":[],"_links":{"self":[{"href":"https:\/\/www.joanantoncatala.com\/ca\/wp-json\/wp\/v2\/posts\/827"}],"collection":[{"href":"https:\/\/www.joanantoncatala.com\/ca\/wp-json\/wp\/v2\/posts"}],"about":[{"href":"https:\/\/www.joanantoncatala.com\/ca\/wp-json\/wp\/v2\/types\/post"}],"author":[{"embeddable":true,"href":"https:\/\/www.joanantoncatala.com\/ca\/wp-json\/wp\/v2\/users\/4"}],"replies":[{"embeddable":true,"href":"https:\/\/www.joanantoncatala.com\/ca\/wp-json\/wp\/v2\/comments?post=827"}],"version-history":[{"count":5,"href":"https:\/\/www.joanantoncatala.com\/ca\/wp-json\/wp\/v2\/posts\/827\/revisions"}],"predecessor-version":[{"id":893,"href":"https:\/\/www.joanantoncatala.com\/ca\/wp-json\/wp\/v2\/posts\/827\/revisions\/893"}],"wp:featuredmedia":[{"embeddable":true,"href":"https:\/\/www.joanantoncatala.com\/ca\/wp-json\/wp\/v2\/media\/829"}],"wp:attachment":[{"href":"https:\/\/www.joanantoncatala.com\/ca\/wp-json\/wp\/v2\/media?parent=827"}],"wp:term":[{"taxonomy":"category","embeddable":true,"href":"https:\/\/www.joanantoncatala.com\/ca\/wp-json\/wp\/v2\/categories?post=827"},{"taxonomy":"post_tag","embeddable":true,"href":"https:\/\/www.joanantoncatala.com\/ca\/wp-json\/wp\/v2\/tags?post=827"}],"curies":[{"name":"wp","href":"https:\/\/api.w.org\/{rel}","templated":true}]}}