{"id":640,"date":"2015-08-05T11:27:25","date_gmt":"2015-08-05T11:27:25","guid":{"rendered":"http:\/\/www.joanantoncatala.com\/ca\/?p=640"},"modified":"2016-09-05T13:45:11","modified_gmt":"2016-09-05T13:45:11","slug":"nit-destrelles-i-vi-al-celler-jean-leon","status":"publish","type":"post","link":"https:\/\/www.joanantoncatala.com\/ca\/2015\/08\/05\/nit-destrelles-i-vi-al-celler-jean-leon\/","title":{"rendered":"Retrats d&#8217;un univers sorprenent"},"content":{"rendered":"<h4><strong>El passat 2de juny, a la llibreria Alta\u00efr de Barcelona, v\u00e0rem presentar el meu primer llibre<\/strong><\/h4>\n<p>&#8220;Retrats d&#8217;un univers sorprenent&#8221;, que s&#8217;ha editat en versi\u00f3 catalana i castellana, \u00e9s un llibre divulgatiu, adre\u00e7at a tots els p\u00fablics sense necessitat de coneixements cient\u00edfics o t\u00e8cnics, que vol apropar el cel i les seves meravelles a tothom.<\/p>\n<p>Cada cap\u00edtol est\u00e0 inspirat en una de les meves fotografies. Es parla de com funcionen les estrelles. Qu\u00e8 s\u00f3n les gal\u00e0xies, i els forats negres. Del neixement i del futur del cosmos. I tamb\u00e9 de l&#8217;aparici\u00f3 de vida a la Terra, i la recerca de vida fora d&#8217;ella.<\/p>\n<p>Si vols comprar-lo, ho pots fer encarregant-lo a qualsevol llibreria. A Barcelona, les llibreries Alta\u00efr i l&#8217;Alibri tenen exist\u00e8ncies. A Sant Cugat, en t\u00e9 la llibreria Alexandria. A Tarragona, la llibreria La Capona, i a Falset el Llapis.<\/p>\n<p>Si preferixes comprar-lo per internet directament a l&#8217;autor, ho pots fer aqu\u00ed:\u00a0http:\/\/estelsiplanetes.blogspot.com.es\/<\/p>\n<p><a href=\"http:\/\/www.joanantoncatala.com\/ca\/wp-content\/uploads\/2015\/08\/IMG_7424.jpg\" rel=\"attachment wp-att-746\"><img loading=\"lazy\" decoding=\"async\" class=\"alignnone size-medium wp-image-746\" src=\"http:\/\/www.joanantoncatala.com\/ca\/wp-content\/uploads\/2015\/08\/IMG_7424-300x200.jpg\" alt=\"IMG_7424\" width=\"300\" height=\"200\" srcset=\"https:\/\/www.joanantoncatala.com\/ca\/wp-content\/uploads\/2015\/08\/IMG_7424-300x200.jpg 300w, https:\/\/www.joanantoncatala.com\/ca\/wp-content\/uploads\/2015\/08\/IMG_7424-768x512.jpg 768w, https:\/\/www.joanantoncatala.com\/ca\/wp-content\/uploads\/2015\/08\/IMG_7424-1024x683.jpg 1024w\" sizes=\"(max-width: 300px) 100vw, 300px\" \/><\/a><\/p>\n","protected":false},"excerpt":{"rendered":"<p>El passat 2de juny, a la llibreria Alta\u00efr de Barcelona, v\u00e0rem presentar el meu primer llibre &#8220;Retrats d&#8217;un univers sorprenent&#8221;, que s&#8217;ha editat en versi\u00f3 catalana i castellana, \u00e9s un llibre divulgatiu, adre\u00e7at a tots els p\u00fablics sense necessitat de coneixements cient\u00edfics o t\u00e8cnics, que vol apropar el cel i les seves meravelles a tothom. [&hellip;]<\/p>\n","protected":false},"author":4,"featured_media":745,"comment_status":"open","ping_status":"open","sticky":false,"template":"","format":"standard","meta":{"footnotes":""},"categories":[7],"tags":[],"_links":{"self":[{"href":"https:\/\/www.joanantoncatala.com\/ca\/wp-json\/wp\/v2\/posts\/640"}],"collection":[{"href":"https:\/\/www.joanantoncatala.com\/ca\/wp-json\/wp\/v2\/posts"}],"about":[{"href":"https:\/\/www.joanantoncatala.com\/ca\/wp-json\/wp\/v2\/types\/post"}],"author":[{"embeddable":true,"href":"https:\/\/www.joanantoncatala.com\/ca\/wp-json\/wp\/v2\/users\/4"}],"replies":[{"embeddable":true,"href":"https:\/\/www.joanantoncatala.com\/ca\/wp-json\/wp\/v2\/comments?post=640"}],"version-history":[{"count":9,"href":"https:\/\/www.joanantoncatala.com\/ca\/wp-json\/wp\/v2\/posts\/640\/revisions"}],"predecessor-version":[{"id":771,"href":"https:\/\/www.joanantoncatala.com\/ca\/wp-json\/wp\/v2\/posts\/640\/revisions\/771"}],"wp:featuredmedia":[{"embeddable":true,"href":"https:\/\/www.joanantoncatala.com\/ca\/wp-json\/wp\/v2\/media\/745"}],"wp:attachment":[{"href":"https:\/\/www.joanantoncatala.com\/ca\/wp-json\/wp\/v2\/media?parent=640"}],"wp:term":[{"taxonomy":"category","embeddable":true,"href":"https:\/\/www.joanantoncatala.com\/ca\/wp-json\/wp\/v2\/categories?post=640"},{"taxonomy":"post_tag","embeddable":true,"href":"https:\/\/www.joanantoncatala.com\/ca\/wp-json\/wp\/v2\/tags?post=640"}],"curies":[{"name":"wp","href":"https:\/\/api.w.org\/{rel}","templated":true}]}}