{"id":1648,"date":"2021-10-29T12:41:01","date_gmt":"2021-10-29T10:41:01","guid":{"rendered":"http:\/\/www.joanantoncatala.com\/ca\/?p=1648"},"modified":"2021-12-10T13:43:43","modified_gmt":"2021-12-10T12:43:43","slug":"el-meu-nou-llibre-una-breu-i-atzarosa-historia-de-la-vida","status":"publish","type":"post","link":"http:\/\/www.joanantoncatala.com\/ca\/2021\/10\/29\/el-meu-nou-llibre-una-breu-i-atzarosa-historia-de-la-vida\/","title":{"rendered":"El meu nou llibre, &#8220;Una breu i atzarosa hist\u00f2ria de la vida&#8221;"},"content":{"rendered":"\n<h5 class=\"wp-block-heading\">Angle Editorial, 2021<\/h5>\n\n\n\n<h5 class=\"wp-block-heading\">Idioma: Catal\u00e0<\/h5>\n\n\n\n<p>S\u00f3n molt\u00edssimes les \u201ccasualitats\u201d que ens han donat la vida.<\/p>\n\n\n\n<p>El fet que el temps, en el nostre univers, avanci nom\u00e9s cap a endavant. La form com es va produir el Big Bang. El ritme de l\u2019expansi\u00f3 del cosmos. Les propietats que la natura va escollir per a les forces i part\u00edcules que la conformen. La vida i mort de generacions anteriors d\u2019estrelles que sembraren l\u2019espai de la pols de la qual estem fabricats. La creaci\u00f3 del nostre planeta. L\u2019arribada d\u2019aigua prestada de l\u2019exterior. L\u2019adquisici\u00f3 i posterior evoluci\u00f3 d\u2019una atmosfera. L\u2019aparici\u00f3 de la primera vida. La sort del camp magn\u00e8tic. La tect\u00f2nica de plaques. Fins i tot les extincions massives.<\/p>\n\n\n\n<p>Tot ha confabulat per a que avui els humans puguem participar d\u2019aquest extraordinari experiment de la natura que anomenem vida.<\/p>\n\n\n\n<p>Aquest llibre \u00e9s una celebraci\u00f3 de la vida!<\/p>\n\n\n\n<figure class=\"wp-block-embed-youtube wp-block-embed is-type-video is-provider-youtube wp-embed-aspect-16-9 wp-has-aspect-ratio\"><div class=\"wp-block-embed__wrapper\">\n<iframe loading=\"lazy\" title=\"El meu llibre &quot;Una breu i atzarosa hist\u00f2ria de la vida&quot;: les &quot;casualitats&quot; que ens han dut fins aqu\u00ed\" width=\"500\" height=\"281\" src=\"https:\/\/www.youtube.com\/embed\/j9Jgo4vlhPQ?feature=oembed\" frameborder=\"0\" allow=\"accelerometer; autoplay; clipboard-write; encrypted-media; gyroscope; picture-in-picture\" allowfullscreen><\/iframe>\n<\/div><\/figure>\n","protected":false},"excerpt":{"rendered":"<p>Angle Editorial, 2021 Idioma: Catal\u00e0 S\u00f3n molt\u00edssimes les \u201ccasualitats\u201d que ens han donat la vida. El fet que el temps, en el nostre univers, avanci nom\u00e9s cap a endavant. La form com es va produir el Big Bang. El ritme de l\u2019expansi\u00f3 del cosmos. Les propietats que la natura va escollir per a les forces [&hellip;]<\/p>\n","protected":false},"author":4,"featured_media":1649,"comment_status":"closed","ping_status":"open","sticky":false,"template":"","format":"standard","meta":{"footnotes":""},"categories":[1,7],"tags":[],"_links":{"self":[{"href":"http:\/\/www.joanantoncatala.com\/ca\/wp-json\/wp\/v2\/posts\/1648"}],"collection":[{"href":"http:\/\/www.joanantoncatala.com\/ca\/wp-json\/wp\/v2\/posts"}],"about":[{"href":"http:\/\/www.joanantoncatala.com\/ca\/wp-json\/wp\/v2\/types\/post"}],"author":[{"embeddable":true,"href":"http:\/\/www.joanantoncatala.com\/ca\/wp-json\/wp\/v2\/users\/4"}],"replies":[{"embeddable":true,"href":"http:\/\/www.joanantoncatala.com\/ca\/wp-json\/wp\/v2\/comments?post=1648"}],"version-history":[{"count":2,"href":"http:\/\/www.joanantoncatala.com\/ca\/wp-json\/wp\/v2\/posts\/1648\/revisions"}],"predecessor-version":[{"id":1662,"href":"http:\/\/www.joanantoncatala.com\/ca\/wp-json\/wp\/v2\/posts\/1648\/revisions\/1662"}],"wp:featuredmedia":[{"embeddable":true,"href":"http:\/\/www.joanantoncatala.com\/ca\/wp-json\/wp\/v2\/media\/1649"}],"wp:attachment":[{"href":"http:\/\/www.joanantoncatala.com\/ca\/wp-json\/wp\/v2\/media?parent=1648"}],"wp:term":[{"taxonomy":"category","embeddable":true,"href":"http:\/\/www.joanantoncatala.com\/ca\/wp-json\/wp\/v2\/categories?post=1648"},{"taxonomy":"post_tag","embeddable":true,"href":"http:\/\/www.joanantoncatala.com\/ca\/wp-json\/wp\/v2\/tags?post=1648"}],"curies":[{"name":"wp","href":"https:\/\/api.w.org\/{rel}","templated":true}]}}